{"id":6211,"date":"2026-01-25T16:24:58","date_gmt":"2026-01-25T15:24:58","guid":{"rendered":"https:\/\/www.consultant-agriculture-ecologique.com\/?p=6211"},"modified":"2026-01-28T22:16:51","modified_gmt":"2026-01-28T21:16:51","slug":"couverts-vegetaux-en-maraichage-et-arboriculture-interview-paru-dans-la-revue-biofil-janvier-fevrier-2026","status":"publish","type":"post","link":"https:\/\/www.consultant-agriculture-ecologique.com\/fr\/couverts-vegetaux-en-maraichage-et-arboriculture-interview-paru-dans-la-revue-biofil-janvier-fevrier-2026\/","title":{"rendered":"J&rsquo;encourage \u00e0 implanter les couverts v\u00e9g\u00e9taux &#8211; \u00e7a urge : Interview paru dans la revue Biofil"},"content":{"rendered":"\t\t<div data-elementor-type=\"wp-post\" data-elementor-id=\"6211\" class=\"elementor elementor-6211\">\n\t\t\t\t\t\t<section class=\"elementor-section elementor-top-section elementor-element elementor-element-5ca82e14 elementor-section-boxed elementor-section-height-default elementor-section-height-default\" data-id=\"5ca82e14\" data-element_type=\"section\" data-e-type=\"section\">\n\t\t\t\t\t\t<div class=\"elementor-container elementor-column-gap-default\">\n\t\t\t\t\t<div class=\"elementor-column elementor-col-100 elementor-top-column elementor-element elementor-element-523e4234\" data-id=\"523e4234\" data-element_type=\"column\" data-e-type=\"column\">\n\t\t\t<div class=\"elementor-widget-wrap elementor-element-populated\">\n\t\t\t\t\t\t<div class=\"elementor-element elementor-element-23b74fd elementor-widget elementor-widget-text-editor\" data-id=\"23b74fd\" data-element_type=\"widget\" data-e-type=\"widget\" data-widget_type=\"text-editor.default\">\n\t\t\t\t<div class=\"elementor-widget-container\">\n\t\t\t\t\t\t\t\t\t\n<p>Article paru dans la revue <a href=\"https:\/\/www.biofil.fr\/\">Biofil<\/a> N\u00b0 163 de janvier\/f\u00e9vrier 2026.<\/p>\n<p>Il faut commencer par regarder le sol<\/p>\n<p>Les choix des couverts v\u00e9g\u00e9taux d\u00e9pendent des cultures, des pratiques et du contexte p\u00e9do-climatique<\/p>\n<p><a href=\"https:\/\/www.consultant-agriculture-ecologique.com\/wp-content\/uploads\/2026\/01\/BIOFIL-163-2026-0105-Interview-de-Karim-Riman.pdf\">BIOFIL 163 2026 0105 Interview de Karim Riman<\/a><\/p>\n\t\t\t\t\t\t\t\t<\/div>\n\t\t\t\t<\/div>\n\t\t\t\t\t<\/div>\n\t\t<\/div>\n\t\t\t\t\t<\/div>\n\t\t<\/section>\n\t\t\t\t<\/div>\n\t\t","protected":false},"excerpt":{"rendered":"<p>Karim Riman, encourage l&rsquo;implantation des couverts v\u00e9g\u00e9taux, dont les int\u00e9r\u00eats sont pluriels en mara\u00eechage comme en arboriculture. Mais leurs choix d\u00e9pendant des cultures, des pratiques et des conditions p\u00e9do-climatiques<\/p>\n","protected":false},"author":2,"featured_media":5487,"comment_status":"closed","ping_status":"closed","sticky":false,"template":"","format":"standard","meta":{"_monsterinsights_skip_tracking":false,"_monsterinsights_sitenote_active":false,"_monsterinsights_sitenote_note":"","_monsterinsights_sitenote_category":0,"footnotes":""},"categories":[53,1],"tags":[],"class_list":["post-6211","post","type-post","status-publish","format-standard","has-post-thumbnail","hentry","category-consultant","category-non-classifiee"],"_links":{"self":[{"href":"https:\/\/www.consultant-agriculture-ecologique.com\/fr\/wp-json\/wp\/v2\/posts\/6211","targetHints":{"allow":["GET"]}}],"collection":[{"href":"https:\/\/www.consultant-agriculture-ecologique.com\/fr\/wp-json\/wp\/v2\/posts"}],"about":[{"href":"https:\/\/www.consultant-agriculture-ecologique.com\/fr\/wp-json\/wp\/v2\/types\/post"}],"author":[{"embeddable":true,"href":"https:\/\/www.consultant-agriculture-ecologique.com\/fr\/wp-json\/wp\/v2\/users\/2"}],"replies":[{"embeddable":true,"href":"https:\/\/www.consultant-agriculture-ecologique.com\/fr\/wp-json\/wp\/v2\/comments?post=6211"}],"version-history":[{"count":8,"href":"https:\/\/www.consultant-agriculture-ecologique.com\/fr\/wp-json\/wp\/v2\/posts\/6211\/revisions"}],"predecessor-version":[{"id":6241,"href":"https:\/\/www.consultant-agriculture-ecologique.com\/fr\/wp-json\/wp\/v2\/posts\/6211\/revisions\/6241"}],"wp:featuredmedia":[{"embeddable":true,"href":"https:\/\/www.consultant-agriculture-ecologique.com\/fr\/wp-json\/wp\/v2\/media\/5487"}],"wp:attachment":[{"href":"https:\/\/www.consultant-agriculture-ecologique.com\/fr\/wp-json\/wp\/v2\/media?parent=6211"}],"wp:term":[{"taxonomy":"category","embeddable":true,"href":"https:\/\/www.consultant-agriculture-ecologique.com\/fr\/wp-json\/wp\/v2\/categories?post=6211"},{"taxonomy":"post_tag","embeddable":true,"href":"https:\/\/www.consultant-agriculture-ecologique.com\/fr\/wp-json\/wp\/v2\/tags?post=6211"}],"curies":[{"name":"wp","href":"https:\/\/api.w.org\/{rel}","templated":true}]}}