{"id":5922,"date":"2025-04-22T16:27:24","date_gmt":"2025-04-22T14:27:24","guid":{"rendered":"https:\/\/www.consultant-agriculture-ecologique.com\/?p=5922"},"modified":"2025-04-27T10:39:59","modified_gmt":"2025-04-27T08:39:59","slug":"quand-la-biodiversite-fait-bon-menage-avec-la-vigne","status":"publish","type":"post","link":"https:\/\/www.consultant-agriculture-ecologique.com\/fr\/quand-la-biodiversite-fait-bon-menage-avec-la-vigne\/","title":{"rendered":"Quand la biodiversit\u00e9 fait bon m\u00e9nage avec la vigne"},"content":{"rendered":"\n<p>\u00ab\u00a0<strong>A Lagnes, dans les Monts de Vaucluse, les vignes de Karim Riman s\u2019\u00e9talent dans une profusion de flore et de faune. A tel point que les accro (<strong><strong>de l&rsquo;association ECOpp\u00e8de<\/strong><\/strong>) aux sorties d\u00e9couvertes de plantes comestibles sauvages aiment s\u2019y balader\u00a0\u00bb. <a href=\"https:\/\/www.bleu-tomate.fr\/quand-la-biodiversite-fait-bon-menage-avec-la-vigne\/\" data-type=\"link\" data-id=\"https:\/\/www.bleu-tomate.fr\/quand-la-biodiversite-fait-bon-menage-avec-la-vigne\/\">Bleu Tomate <\/a>vous invite dans ce paradis de la biodiversit\u00e9<strong> <\/strong>.\u00a0\u00bb<\/strong><\/p>\n\n\n\n<p>Article de Josiane BOUILLET : \u00ab\u00a0C\u2019est un chaud et beau dimanche d\u2019avril. Tee-shirt et lunettes de soleil sont de rigueur, ainsi que les carnets pour noter chacune des plantes rencontr\u00e9es par la petite troupe d\u2019amateurs, qui arpente le domaine. A la man\u0153uvre, l\u2019association <a href=\"https:\/\/www.facebook.com\/assoecoppede\/?locale=fr_FR\" target=\"_blank\" rel=\"noreferrer noopener\">Ecopp\u00e8de<\/a>. Il y a dix ans, elle avait pratiqu\u00e9 un inventaire sur les parcelles de Karim Riman, et recens\u00e9 vingt-quatre esp\u00e8ces de plantes, ce qui \u00e9tait d\u00e9j\u00e0 beaucoup. Le viticulteur travaille cinq hectares de vignes en bio et selon des principes agro\u00e9cologiques.\u00a0\u00bb<\/p>\n\n\n\n<p><\/p>\n","protected":false},"excerpt":{"rendered":"<p>\u00ab\u00a0A Lagnes, dans les Monts de Vaucluse, les vignes de Karim Riman s\u2019\u00e9talent dans une profusion de flore et de [&hellip;]<\/p>\n","protected":false},"author":2,"featured_media":5927,"comment_status":"closed","ping_status":"closed","sticky":false,"template":"","format":"standard","meta":{"_monsterinsights_skip_tracking":false,"_monsterinsights_sitenote_active":false,"_monsterinsights_sitenote_note":"","_monsterinsights_sitenote_category":0,"footnotes":""},"categories":[52],"tags":[],"class_list":["post-5922","post","type-post","status-publish","format-standard","has-post-thumbnail","hentry","category-eco-vignoble"],"_links":{"self":[{"href":"https:\/\/www.consultant-agriculture-ecologique.com\/fr\/wp-json\/wp\/v2\/posts\/5922","targetHints":{"allow":["GET"]}}],"collection":[{"href":"https:\/\/www.consultant-agriculture-ecologique.com\/fr\/wp-json\/wp\/v2\/posts"}],"about":[{"href":"https:\/\/www.consultant-agriculture-ecologique.com\/fr\/wp-json\/wp\/v2\/types\/post"}],"author":[{"embeddable":true,"href":"https:\/\/www.consultant-agriculture-ecologique.com\/fr\/wp-json\/wp\/v2\/users\/2"}],"replies":[{"embeddable":true,"href":"https:\/\/www.consultant-agriculture-ecologique.com\/fr\/wp-json\/wp\/v2\/comments?post=5922"}],"version-history":[{"count":4,"href":"https:\/\/www.consultant-agriculture-ecologique.com\/fr\/wp-json\/wp\/v2\/posts\/5922\/revisions"}],"predecessor-version":[{"id":5949,"href":"https:\/\/www.consultant-agriculture-ecologique.com\/fr\/wp-json\/wp\/v2\/posts\/5922\/revisions\/5949"}],"wp:featuredmedia":[{"embeddable":true,"href":"https:\/\/www.consultant-agriculture-ecologique.com\/fr\/wp-json\/wp\/v2\/media\/5927"}],"wp:attachment":[{"href":"https:\/\/www.consultant-agriculture-ecologique.com\/fr\/wp-json\/wp\/v2\/media?parent=5922"}],"wp:term":[{"taxonomy":"category","embeddable":true,"href":"https:\/\/www.consultant-agriculture-ecologique.com\/fr\/wp-json\/wp\/v2\/categories?post=5922"},{"taxonomy":"post_tag","embeddable":true,"href":"https:\/\/www.consultant-agriculture-ecologique.com\/fr\/wp-json\/wp\/v2\/tags?post=5922"}],"curies":[{"name":"wp","href":"https:\/\/api.w.org\/{rel}","templated":true}]}}